{"id":16519,"date":"2025-02-28T13:19:51","date_gmt":"2025-02-28T20:19:51","guid":{"rendered":"https:\/\/academiaglobal.mx\/wordpress\/?p=16519"},"modified":"2025-06-30T10:41:49","modified_gmt":"2025-06-30T17:41:49","slug":"graduacion-universidad-ucl","status":"publish","type":"post","link":"https:\/\/academiaglobal.mx\/?p=16519","title":{"rendered":"Graduaci\u00f3n Universidad UCL"},"content":{"rendered":"\t\t<div data-elementor-type=\"wp-post\" data-elementor-id=\"16519\" class=\"elementor elementor-16519\">\n\t\t\t\t\t\t\t\t\t<section class=\"elementor-section elementor-top-section elementor-element elementor-element-64f43dfd elementor-section-boxed elementor-section-height-default elementor-section-height-default\" data-id=\"64f43dfd\" data-element_type=\"section\">\n\t\t\t\t\t\t<div class=\"elementor-container elementor-column-gap-default\">\n\t\t\t\t\t<div class=\"elementor-column elementor-col-100 elementor-top-column elementor-element elementor-element-4f3b8a5e\" data-id=\"4f3b8a5e\" data-element_type=\"column\">\n\t\t\t<div class=\"elementor-widget-wrap elementor-element-populated\">\n\t\t\t\t\t\t\t\t<div class=\"elementor-element elementor-element-77158b7d elementor-widget elementor-widget-text-editor\" data-id=\"77158b7d\" data-element_type=\"widget\" data-widget_type=\"text-editor.default\">\n\t\t\t\t<div class=\"elementor-widget-container\">\n\t\t\t<style>\/*! elementor - v3.13.1 - 09-05-2023 *\/\n.elementor-widget-text-editor.elementor-drop-cap-view-stacked .elementor-drop-cap{background-color:#69727d;color:#fff}.elementor-widget-text-editor.elementor-drop-cap-view-framed .elementor-drop-cap{color:#69727d;border:3px solid;background-color:transparent}.elementor-widget-text-editor:not(.elementor-drop-cap-view-default) .elementor-drop-cap{margin-top:8px}.elementor-widget-text-editor:not(.elementor-drop-cap-view-default) .elementor-drop-cap-letter{width:1em;height:1em}.elementor-widget-text-editor .elementor-drop-cap{float:left;text-align:center;line-height:1;font-size:50px}.elementor-widget-text-editor .elementor-drop-cap-letter{display:inline-block}<\/style>\t\t\t\t<!-- wp:paragraph -->\n<p>28 Febrero, 2024<\/p>\n<!-- \/wp:paragraph --><!-- wp:paragraph -->\n<p><span style=\"font-weight: 400;\">En Academias Global celebramos el impacto transformador de la educaci\u00f3n para contribuir al desarrollo personal y profesional de los trabajadores en las empresas de M\u00e9xico. Con orgullo, felicitamos a los graduados de los programas acad\u00e9micos oficiales de Universidad de Casa Ley, por su dedicaci\u00f3n y entrega para cumplir estas importantes metas de vida.<\/span><\/p>\n<p><span style=\"font-weight: 400;\">Este logro subraya la importancia de integrar la educaci\u00f3n con el \u00e1mbito laboral, brindando a nuestros graduados las herramientas necesarias para triunfar en sus carreras laborales. Los alentamos a seguir prepar\u00e1ndose, ya que estamos convencidos de que la educaci\u00f3n es el camino m\u00e1s seguro hacia la realizaci\u00f3n personal y profesional.<\/span><\/p>\n<p><span style=\"font-weight: 400;\">Invitamos a todos los estudiantes a persistir en su b\u00fasqueda de cambio y crecimiento. El \u00e9xito requiere siempre un gran esfuerzo en beneficio de ustedes, sus familias y nuestra sociedad.<\/span><\/p>\n<p><span style=\"font-weight: 400;\">Desde Academia Global y AG College, les deseamos un futuro lleno de \u00e9xitos. \u00a1Felicidades graduados!\u00a0<br \/><br \/><a href=\"https:\/\/www.linkedin.com\/posts\/academiaglobal_educaciaejn-desarrollodetalento-universidadcasaley-activity-7170813347263672320-2JsT?utm_source=share&amp;utm_medium=member_desktop\" target=\"_blank\" rel=\"noopener\">Click para ver en Linkedin<\/a><\/span><\/p>\n<!-- \/wp:paragraph -->\t\t\t\t\t\t<\/div>\n\t\t\t\t<\/div>\n\t\t\t\t\t<\/div>\n\t\t<\/div>\n\t\t\t\t\t\t\t<\/div>\n\t\t<\/section>\n\t\t\t\t\t\t\t<\/div>\n\t\t","protected":false},"excerpt":{"rendered":"<p>28 Febrero, 2024 En Academias Global celebramos el impacto transformador de la educaci\u00f3n para contribuir al desarrollo personal y profesional de los trabajadores en las empresas de M\u00e9xico. Con orgullo, felicitamos a los graduados de los programas acad\u00e9micos oficiales de Universidad de Casa Ley, por su dedicaci\u00f3n y entrega para cumplir estas importantes metas de &hellip; <\/p>\n<p class=\"link-more\"><a href=\"https:\/\/academiaglobal.mx\/?p=16519\" class=\"more-link\">Continuar leyendo<span class=\"screen-reader-text\"> \u00abGraduaci\u00f3n Universidad UCL\u00bb<\/span><\/a><\/p>\n","protected":false},"author":1,"featured_media":16525,"comment_status":"closed","ping_status":"closed","sticky":false,"template":"","format":"standard","meta":{"inline_featured_image":false,"_monsterinsights_skip_tracking":false,"_monsterinsights_sitenote_active":false,"_monsterinsights_sitenote_note":"","_monsterinsights_sitenote_category":0,"footnotes":""},"categories":[58],"tags":[],"class_list":["post-16519","post","type-post","status-publish","format-standard","has-post-thumbnail","hentry","category-announcements"],"yoast_head":"<!-- This site is optimized with the Yoast SEO plugin v23.8 - https:\/\/yoast.com\/wordpress\/plugins\/seo\/ -->\n<title>Graduaci\u00f3n Universidad UCL - Academia Global<\/title>\n<meta name=\"robots\" content=\"index, follow, max-snippet:-1, max-image-preview:large, max-video-preview:-1\" \/>\n<link rel=\"canonical\" href=\"https:\/\/academiaglobal.mx\/?p=16519\" \/>\n<meta property=\"og:locale\" content=\"es_ES\" \/>\n<meta property=\"og:type\" content=\"article\" \/>\n<meta property=\"og:title\" content=\"Graduaci\u00f3n Universidad UCL - Academia Global\" \/>\n<meta property=\"og:description\" content=\"28 Febrero, 2024 En Academias Global celebramos el impacto transformador de la educaci\u00f3n para contribuir al desarrollo personal y profesional de los trabajadores en las empresas de M\u00e9xico. Con orgullo, felicitamos a los graduados de los programas acad\u00e9micos oficiales de Universidad de Casa Ley, por su dedicaci\u00f3n y entrega para cumplir estas importantes metas de &hellip; Continuar leyendo &quot;Graduaci\u00f3n Universidad UCL&quot;\" \/>\n<meta property=\"og:url\" content=\"https:\/\/academiaglobal.mx\/?p=16519\" \/>\n<meta property=\"og:site_name\" content=\"Academia Global\" \/>\n<meta property=\"article:published_time\" content=\"2025-02-28T20:19:51+00:00\" \/>\n<meta property=\"article:modified_time\" content=\"2025-06-30T17:41:49+00:00\" \/>\n<meta property=\"og:image\" content=\"https:\/\/academiaglobal.mx\/wp-content\/uploads\/2024\/02\/Graduacio\u0301n-Universidad-UCL-1024x649.png\" \/>\n\t<meta property=\"og:image:width\" content=\"1024\" \/>\n\t<meta property=\"og:image:height\" content=\"649\" \/>\n\t<meta property=\"og:image:type\" content=\"image\/png\" \/>\n<meta name=\"author\" content=\"admin\" \/>\n<meta name=\"twitter:card\" content=\"summary_large_image\" \/>\n<meta name=\"twitter:label1\" content=\"Escrito por\" \/>\n\t<meta name=\"twitter:data1\" content=\"admin\" \/>\n\t<meta name=\"twitter:label2\" content=\"Tiempo de lectura\" \/>\n\t<meta name=\"twitter:data2\" content=\"1 minuto\" \/>\n<script type=\"application\/ld+json\" class=\"yoast-schema-graph\">{\"@context\":\"https:\/\/schema.org\",\"@graph\":[{\"@type\":\"Article\",\"@id\":\"https:\/\/academiaglobal.mx\/?p=16519#article\",\"isPartOf\":{\"@id\":\"https:\/\/academiaglobal.mx\/?p=16519\"},\"author\":{\"name\":\"admin\",\"@id\":\"https:\/\/academiaglobal.mx\/#\/schema\/person\/25a97fd7dd763b7811f8183c3bc54195\"},\"headline\":\"Graduaci\u00f3n Universidad UCL\",\"datePublished\":\"2025-02-28T20:19:51+00:00\",\"dateModified\":\"2025-06-30T17:41:49+00:00\",\"mainEntityOfPage\":{\"@id\":\"https:\/\/academiaglobal.mx\/?p=16519\"},\"wordCount\":168,\"publisher\":{\"@id\":\"https:\/\/academiaglobal.mx\/#organization\"},\"image\":{\"@id\":\"https:\/\/academiaglobal.mx\/?p=16519#primaryimage\"},\"thumbnailUrl\":\"https:\/\/academiaglobal.mx\/wp-content\/uploads\/2024\/02\/Graduacio\u0301n-Universidad-UCL.png\",\"articleSection\":[\"Announcements\"],\"inLanguage\":\"es\"},{\"@type\":\"WebPage\",\"@id\":\"https:\/\/academiaglobal.mx\/?p=16519\",\"url\":\"https:\/\/academiaglobal.mx\/?p=16519\",\"name\":\"Graduaci\u00f3n Universidad UCL - Academia Global\",\"isPartOf\":{\"@id\":\"https:\/\/academiaglobal.mx\/#website\"},\"primaryImageOfPage\":{\"@id\":\"https:\/\/academiaglobal.mx\/?p=16519#primaryimage\"},\"image\":{\"@id\":\"https:\/\/academiaglobal.mx\/?p=16519#primaryimage\"},\"thumbnailUrl\":\"https:\/\/academiaglobal.mx\/wp-content\/uploads\/2024\/02\/Graduacio\u0301n-Universidad-UCL.png\",\"datePublished\":\"2025-02-28T20:19:51+00:00\",\"dateModified\":\"2025-06-30T17:41:49+00:00\",\"breadcrumb\":{\"@id\":\"https:\/\/academiaglobal.mx\/?p=16519#breadcrumb\"},\"inLanguage\":\"es\",\"potentialAction\":[{\"@type\":\"ReadAction\",\"target\":[\"https:\/\/academiaglobal.mx\/?p=16519\"]}]},{\"@type\":\"ImageObject\",\"inLanguage\":\"es\",\"@id\":\"https:\/\/academiaglobal.mx\/?p=16519#primaryimage\",\"url\":\"https:\/\/academiaglobal.mx\/wp-content\/uploads\/2024\/02\/Graduacio\u0301n-Universidad-UCL.png\",\"contentUrl\":\"https:\/\/academiaglobal.mx\/wp-content\/uploads\/2024\/02\/Graduacio\u0301n-Universidad-UCL.png\",\"width\":1500,\"height\":950},{\"@type\":\"BreadcrumbList\",\"@id\":\"https:\/\/academiaglobal.mx\/?p=16519#breadcrumb\",\"itemListElement\":[{\"@type\":\"ListItem\",\"position\":1,\"name\":\"Portada\",\"item\":\"https:\/\/academiaglobal.mx\/\"},{\"@type\":\"ListItem\",\"position\":2,\"name\":\"Graduaci\u00f3n Universidad UCL\"}]},{\"@type\":\"WebSite\",\"@id\":\"https:\/\/academiaglobal.mx\/#website\",\"url\":\"https:\/\/academiaglobal.mx\/\",\"name\":\"Academia Global\",\"description\":\"Elevamos el talento de tu empresa a la altura de las exigencias de transformaci\u00f3n.\",\"publisher\":{\"@id\":\"https:\/\/academiaglobal.mx\/#organization\"},\"potentialAction\":[{\"@type\":\"SearchAction\",\"target\":{\"@type\":\"EntryPoint\",\"urlTemplate\":\"https:\/\/academiaglobal.mx\/?s={search_term_string}\"},\"query-input\":{\"@type\":\"PropertyValueSpecification\",\"valueRequired\":true,\"valueName\":\"search_term_string\"}}],\"inLanguage\":\"es\"},{\"@type\":\"Organization\",\"@id\":\"https:\/\/academiaglobal.mx\/#organization\",\"name\":\"Academia Global\",\"url\":\"https:\/\/academiaglobal.mx\/\",\"logo\":{\"@type\":\"ImageObject\",\"inLanguage\":\"es\",\"@id\":\"https:\/\/academiaglobal.mx\/#\/schema\/logo\/image\/\",\"url\":\"https:\/\/academiaglobal.mx\/wp-content\/uploads\/2022\/03\/L_AG.png\",\"contentUrl\":\"https:\/\/academiaglobal.mx\/wp-content\/uploads\/2022\/03\/L_AG.png\",\"width\":1683,\"height\":535,\"caption\":\"Academia Global\"},\"image\":{\"@id\":\"https:\/\/academiaglobal.mx\/#\/schema\/logo\/image\/\"}},{\"@type\":\"Person\",\"@id\":\"https:\/\/academiaglobal.mx\/#\/schema\/person\/25a97fd7dd763b7811f8183c3bc54195\",\"name\":\"admin\",\"url\":\"https:\/\/academiaglobal.mx\/?author=1\"}]}<\/script>\n<!-- \/ Yoast SEO plugin. -->","yoast_head_json":{"title":"Graduaci\u00f3n Universidad UCL - Academia Global","robots":{"index":"index","follow":"follow","max-snippet":"max-snippet:-1","max-image-preview":"max-image-preview:large","max-video-preview":"max-video-preview:-1"},"canonical":"https:\/\/academiaglobal.mx\/?p=16519","og_locale":"es_ES","og_type":"article","og_title":"Graduaci\u00f3n Universidad UCL - Academia Global","og_description":"28 Febrero, 2024 En Academias Global celebramos el impacto transformador de la educaci\u00f3n para contribuir al desarrollo personal y profesional de los trabajadores en las empresas de M\u00e9xico. Con orgullo, felicitamos a los graduados de los programas acad\u00e9micos oficiales de Universidad de Casa Ley, por su dedicaci\u00f3n y entrega para cumplir estas importantes metas de &hellip; Continuar leyendo \"Graduaci\u00f3n Universidad UCL\"","og_url":"https:\/\/academiaglobal.mx\/?p=16519","og_site_name":"Academia Global","article_published_time":"2025-02-28T20:19:51+00:00","article_modified_time":"2025-06-30T17:41:49+00:00","og_image":[{"width":1024,"height":649,"url":"https:\/\/academiaglobal.mx\/wp-content\/uploads\/2024\/02\/Graduacio\u0301n-Universidad-UCL-1024x649.png","type":"image\/png"}],"author":"admin","twitter_card":"summary_large_image","twitter_misc":{"Escrito por":"admin","Tiempo de lectura":"1 minuto"},"schema":{"@context":"https:\/\/schema.org","@graph":[{"@type":"Article","@id":"https:\/\/academiaglobal.mx\/?p=16519#article","isPartOf":{"@id":"https:\/\/academiaglobal.mx\/?p=16519"},"author":{"name":"admin","@id":"https:\/\/academiaglobal.mx\/#\/schema\/person\/25a97fd7dd763b7811f8183c3bc54195"},"headline":"Graduaci\u00f3n Universidad UCL","datePublished":"2025-02-28T20:19:51+00:00","dateModified":"2025-06-30T17:41:49+00:00","mainEntityOfPage":{"@id":"https:\/\/academiaglobal.mx\/?p=16519"},"wordCount":168,"publisher":{"@id":"https:\/\/academiaglobal.mx\/#organization"},"image":{"@id":"https:\/\/academiaglobal.mx\/?p=16519#primaryimage"},"thumbnailUrl":"https:\/\/academiaglobal.mx\/wp-content\/uploads\/2024\/02\/Graduacio\u0301n-Universidad-UCL.png","articleSection":["Announcements"],"inLanguage":"es"},{"@type":"WebPage","@id":"https:\/\/academiaglobal.mx\/?p=16519","url":"https:\/\/academiaglobal.mx\/?p=16519","name":"Graduaci\u00f3n Universidad UCL - Academia Global","isPartOf":{"@id":"https:\/\/academiaglobal.mx\/#website"},"primaryImageOfPage":{"@id":"https:\/\/academiaglobal.mx\/?p=16519#primaryimage"},"image":{"@id":"https:\/\/academiaglobal.mx\/?p=16519#primaryimage"},"thumbnailUrl":"https:\/\/academiaglobal.mx\/wp-content\/uploads\/2024\/02\/Graduacio\u0301n-Universidad-UCL.png","datePublished":"2025-02-28T20:19:51+00:00","dateModified":"2025-06-30T17:41:49+00:00","breadcrumb":{"@id":"https:\/\/academiaglobal.mx\/?p=16519#breadcrumb"},"inLanguage":"es","potentialAction":[{"@type":"ReadAction","target":["https:\/\/academiaglobal.mx\/?p=16519"]}]},{"@type":"ImageObject","inLanguage":"es","@id":"https:\/\/academiaglobal.mx\/?p=16519#primaryimage","url":"https:\/\/academiaglobal.mx\/wp-content\/uploads\/2024\/02\/Graduacio\u0301n-Universidad-UCL.png","contentUrl":"https:\/\/academiaglobal.mx\/wp-content\/uploads\/2024\/02\/Graduacio\u0301n-Universidad-UCL.png","width":1500,"height":950},{"@type":"BreadcrumbList","@id":"https:\/\/academiaglobal.mx\/?p=16519#breadcrumb","itemListElement":[{"@type":"ListItem","position":1,"name":"Portada","item":"https:\/\/academiaglobal.mx\/"},{"@type":"ListItem","position":2,"name":"Graduaci\u00f3n Universidad UCL"}]},{"@type":"WebSite","@id":"https:\/\/academiaglobal.mx\/#website","url":"https:\/\/academiaglobal.mx\/","name":"Academia Global","description":"Elevamos el talento de tu empresa a la altura de las exigencias de transformaci\u00f3n.","publisher":{"@id":"https:\/\/academiaglobal.mx\/#organization"},"potentialAction":[{"@type":"SearchAction","target":{"@type":"EntryPoint","urlTemplate":"https:\/\/academiaglobal.mx\/?s={search_term_string}"},"query-input":{"@type":"PropertyValueSpecification","valueRequired":true,"valueName":"search_term_string"}}],"inLanguage":"es"},{"@type":"Organization","@id":"https:\/\/academiaglobal.mx\/#organization","name":"Academia Global","url":"https:\/\/academiaglobal.mx\/","logo":{"@type":"ImageObject","inLanguage":"es","@id":"https:\/\/academiaglobal.mx\/#\/schema\/logo\/image\/","url":"https:\/\/academiaglobal.mx\/wp-content\/uploads\/2022\/03\/L_AG.png","contentUrl":"https:\/\/academiaglobal.mx\/wp-content\/uploads\/2022\/03\/L_AG.png","width":1683,"height":535,"caption":"Academia Global"},"image":{"@id":"https:\/\/academiaglobal.mx\/#\/schema\/logo\/image\/"}},{"@type":"Person","@id":"https:\/\/academiaglobal.mx\/#\/schema\/person\/25a97fd7dd763b7811f8183c3bc54195","name":"admin","url":"https:\/\/academiaglobal.mx\/?author=1"}]}},"acf":[],"_links":{"self":[{"href":"https:\/\/academiaglobal.mx\/index.php?rest_route=\/wp\/v2\/posts\/16519"}],"collection":[{"href":"https:\/\/academiaglobal.mx\/index.php?rest_route=\/wp\/v2\/posts"}],"about":[{"href":"https:\/\/academiaglobal.mx\/index.php?rest_route=\/wp\/v2\/types\/post"}],"author":[{"embeddable":true,"href":"https:\/\/academiaglobal.mx\/index.php?rest_route=\/wp\/v2\/users\/1"}],"replies":[{"embeddable":true,"href":"https:\/\/academiaglobal.mx\/index.php?rest_route=%2Fwp%2Fv2%2Fcomments&post=16519"}],"version-history":[{"count":17,"href":"https:\/\/academiaglobal.mx\/index.php?rest_route=\/wp\/v2\/posts\/16519\/revisions"}],"predecessor-version":[{"id":16602,"href":"https:\/\/academiaglobal.mx\/index.php?rest_route=\/wp\/v2\/posts\/16519\/revisions\/16602"}],"wp:featuredmedia":[{"embeddable":true,"href":"https:\/\/academiaglobal.mx\/index.php?rest_route=\/wp\/v2\/media\/16525"}],"wp:attachment":[{"href":"https:\/\/academiaglobal.mx\/index.php?rest_route=%2Fwp%2Fv2%2Fmedia&parent=16519"}],"wp:term":[{"taxonomy":"category","embeddable":true,"href":"https:\/\/academiaglobal.mx\/index.php?rest_route=%2Fwp%2Fv2%2Fcategories&post=16519"},{"taxonomy":"post_tag","embeddable":true,"href":"https:\/\/academiaglobal.mx\/index.php?rest_route=%2Fwp%2Fv2%2Ftags&post=16519"}],"curies":[{"name":"wp","href":"https:\/\/api.w.org\/{rel}","templated":true}]}}