{"id":16569,"date":"2023-11-27T13:50:26","date_gmt":"2023-11-27T20:50:26","guid":{"rendered":"https:\/\/academiaglobal.mx\/wordpress\/?p=16569"},"modified":"2024-04-19T14:18:30","modified_gmt":"2024-04-19T21:18:30","slug":"lanzamiento-academia-global-europa","status":"publish","type":"post","link":"https:\/\/academiaglobal.mx\/?p=16569","title":{"rendered":"Lanzamiento Academia Global Europa"},"content":{"rendered":"\t\t<div data-elementor-type=\"wp-post\" data-elementor-id=\"16569\" class=\"elementor elementor-16569\">\n\t\t\t\t\t\t\t\t\t<section class=\"elementor-section elementor-top-section elementor-element elementor-element-64f43dfd elementor-section-boxed elementor-section-height-default elementor-section-height-default\" data-id=\"64f43dfd\" data-element_type=\"section\">\n\t\t\t\t\t\t<div class=\"elementor-container elementor-column-gap-default\">\n\t\t\t\t\t<div class=\"elementor-column elementor-col-100 elementor-top-column elementor-element elementor-element-4f3b8a5e\" data-id=\"4f3b8a5e\" data-element_type=\"column\">\n\t\t\t<div class=\"elementor-widget-wrap elementor-element-populated\">\n\t\t\t\t\t\t\t\t<div class=\"elementor-element elementor-element-77158b7d elementor-widget elementor-widget-text-editor\" data-id=\"77158b7d\" data-element_type=\"widget\" data-widget_type=\"text-editor.default\">\n\t\t\t\t<div class=\"elementor-widget-container\">\n\t\t\t<style>\/*! elementor - v3.13.1 - 09-05-2023 *\/\n.elementor-widget-text-editor.elementor-drop-cap-view-stacked .elementor-drop-cap{background-color:#69727d;color:#fff}.elementor-widget-text-editor.elementor-drop-cap-view-framed .elementor-drop-cap{color:#69727d;border:3px solid;background-color:transparent}.elementor-widget-text-editor:not(.elementor-drop-cap-view-default) .elementor-drop-cap{margin-top:8px}.elementor-widget-text-editor:not(.elementor-drop-cap-view-default) .elementor-drop-cap-letter{width:1em;height:1em}.elementor-widget-text-editor .elementor-drop-cap{float:left;text-align:center;line-height:1;font-size:50px}.elementor-widget-text-editor .elementor-drop-cap-letter{display:inline-block}<\/style>\t\t\t\t<!-- wp:paragraph -->\n<p>Abril, 2024<\/p>\n<!-- \/wp:paragraph --><!-- wp:paragraph -->\n<p><span style=\"font-weight: 400;\">En diciembre de 2023 se llev\u00f3 a cabo el lanzamiento de Academia Global Europa, como parte de la estrategia de Grupo Academia Global de expandir su operaci\u00f3n a trav\u00e9s de la Escuela Europea de Innovaci\u00f3n y Negocios, la cual nace con el objetivo de extender redes de profesionalizaci\u00f3n y desarrollo de competencias en el talento humano entre los pa\u00edses de Latinoam\u00e9rica y Europa.<\/span><\/p>\n<p>\u00a0<\/p>\n<p><span style=\"font-weight: 400;\">La Escuela Europea de Innovaci\u00f3n y Negocios iniciar\u00e1 sus operaciones en mayo de 2024 y su objetivo es dotar de las habilidades y competencias necesarias a los profesionales para que logren detonar y hacer frente a los procesos de transformaci\u00f3n tecnol\u00f3gica en sus organizaciones, a trav\u00e9s de programas acad\u00e9micos multidisciplinarios y dise\u00f1ados de acuerdo con las necesidades de cada industria o empresa.\u00a0<\/span><\/p>\n<p><span style=\"font-weight: 400;\">En la ceremonia de presentaci\u00f3n que tuvo lugar en la Embajada de M\u00e9xico en Madrid, Espa\u00f1a, se cont\u00f3 con la presencia de Jes\u00fas Alberto Camacho Garc\u00eda, Agregado de Asuntos de Cooperaci\u00f3n Internacional de la Embajada de M\u00e9xico en Espa\u00f1a, en representaci\u00f3n del Embajador de M\u00e9xico, Quirino Ordaz Coppel, adem\u00e1s de invitados especiales como el Senador por el Principado de Asturias, Pablo Gonz\u00e1lez Men\u00e9ndez, as\u00ed como representantes de la Liga de Estados \u00c1rabes.<\/span><\/p>\n<p><a href=\"https:\/\/vimeo.com\/936434321\/19fed4728c?share=copy\" target=\"_blank\" rel=\"noopener\"><span style=\"font-weight: 400;\">Te invitamos a\u00a0 ver nuestro evento: Click\u00a0 Aqu\u00ed<\/span><\/a><\/p>\n<p><br \/><br \/><\/p>\n<!-- \/wp:paragraph -->\t\t\t\t\t\t<\/div>\n\t\t\t\t<\/div>\n\t\t\t\t\t<\/div>\n\t\t<\/div>\n\t\t\t\t\t\t\t<\/div>\n\t\t<\/section>\n\t\t\t\t\t\t\t<\/div>\n\t\t","protected":false},"excerpt":{"rendered":"<p>Abril, 2024 En diciembre de 2023 se llev\u00f3 a cabo el lanzamiento de Academia Global Europa, como parte de la estrategia de Grupo Academia Global de expandir su operaci\u00f3n a trav\u00e9s de la Escuela Europea de Innovaci\u00f3n y Negocios, la cual nace con el objetivo de extender redes de profesionalizaci\u00f3n y desarrollo de competencias en &hellip; <\/p>\n<p class=\"link-more\"><a href=\"https:\/\/academiaglobal.mx\/?p=16569\" class=\"more-link\">Continuar leyendo<span class=\"screen-reader-text\"> \u00abLanzamiento Academia Global Europa\u00bb<\/span><\/a><\/p>\n","protected":false},"author":1,"featured_media":16592,"comment_status":"open","ping_status":"open","sticky":false,"template":"","format":"standard","meta":{"inline_featured_image":false,"_monsterinsights_skip_tracking":false,"_monsterinsights_sitenote_active":false,"_monsterinsights_sitenote_note":"","_monsterinsights_sitenote_category":0,"footnotes":""},"categories":[58],"tags":[],"class_list":["post-16569","post","type-post","status-publish","format-standard","has-post-thumbnail","hentry","category-announcements"],"yoast_head":"<!-- This site is optimized with the Yoast SEO plugin v23.8 - https:\/\/yoast.com\/wordpress\/plugins\/seo\/ -->\n<title>Lanzamiento Academia Global Europa - Academia Global<\/title>\n<meta name=\"robots\" content=\"index, follow, max-snippet:-1, max-image-preview:large, max-video-preview:-1\" \/>\n<link rel=\"canonical\" href=\"https:\/\/academiaglobal.mx\/?p=16569\" \/>\n<meta property=\"og:locale\" content=\"es_ES\" \/>\n<meta property=\"og:type\" content=\"article\" \/>\n<meta property=\"og:title\" content=\"Lanzamiento Academia Global Europa - Academia Global\" \/>\n<meta property=\"og:description\" content=\"Abril, 2024 En diciembre de 2023 se llev\u00f3 a cabo el lanzamiento de Academia Global Europa, como parte de la estrategia de Grupo Academia Global de expandir su operaci\u00f3n a trav\u00e9s de la Escuela Europea de Innovaci\u00f3n y Negocios, la cual nace con el objetivo de extender redes de profesionalizaci\u00f3n y desarrollo de competencias en &hellip; Continuar leyendo &quot;Lanzamiento Academia Global Europa&quot;\" \/>\n<meta property=\"og:url\" content=\"https:\/\/academiaglobal.mx\/?p=16569\" \/>\n<meta property=\"og:site_name\" content=\"Academia Global\" \/>\n<meta property=\"article:published_time\" content=\"2023-11-27T20:50:26+00:00\" \/>\n<meta property=\"article:modified_time\" content=\"2024-04-19T21:18:30+00:00\" \/>\n<meta property=\"og:image\" content=\"https:\/\/academiaglobal.mx\/wp-content\/uploads\/2023\/11\/Lanzamiento-AG-Europa-1.png\" \/>\n\t<meta property=\"og:image:width\" content=\"1500\" \/>\n\t<meta property=\"og:image:height\" content=\"950\" \/>\n\t<meta property=\"og:image:type\" content=\"image\/png\" \/>\n<meta name=\"author\" content=\"admin\" \/>\n<meta name=\"twitter:card\" content=\"summary_large_image\" \/>\n<meta name=\"twitter:label1\" content=\"Escrito por\" \/>\n\t<meta name=\"twitter:data1\" content=\"admin\" \/>\n\t<meta name=\"twitter:label2\" content=\"Tiempo de lectura\" \/>\n\t<meta name=\"twitter:data2\" content=\"1 minuto\" \/>\n<script type=\"application\/ld+json\" class=\"yoast-schema-graph\">{\"@context\":\"https:\/\/schema.org\",\"@graph\":[{\"@type\":\"Article\",\"@id\":\"https:\/\/academiaglobal.mx\/?p=16569#article\",\"isPartOf\":{\"@id\":\"https:\/\/academiaglobal.mx\/?p=16569\"},\"author\":{\"name\":\"admin\",\"@id\":\"https:\/\/academiaglobal.mx\/#\/schema\/person\/25a97fd7dd763b7811f8183c3bc54195\"},\"headline\":\"Lanzamiento Academia Global Europa\",\"datePublished\":\"2023-11-27T20:50:26+00:00\",\"dateModified\":\"2024-04-19T21:18:30+00:00\",\"mainEntityOfPage\":{\"@id\":\"https:\/\/academiaglobal.mx\/?p=16569\"},\"wordCount\":233,\"commentCount\":1,\"publisher\":{\"@id\":\"https:\/\/academiaglobal.mx\/#organization\"},\"image\":{\"@id\":\"https:\/\/academiaglobal.mx\/?p=16569#primaryimage\"},\"thumbnailUrl\":\"https:\/\/academiaglobal.mx\/wp-content\/uploads\/2023\/11\/Lanzamiento-AG-Europa-1.png\",\"articleSection\":[\"Announcements\"],\"inLanguage\":\"es\",\"potentialAction\":[{\"@type\":\"CommentAction\",\"name\":\"Comment\",\"target\":[\"https:\/\/academiaglobal.mx\/?p=16569#respond\"]}]},{\"@type\":\"WebPage\",\"@id\":\"https:\/\/academiaglobal.mx\/?p=16569\",\"url\":\"https:\/\/academiaglobal.mx\/?p=16569\",\"name\":\"Lanzamiento Academia Global Europa - Academia Global\",\"isPartOf\":{\"@id\":\"https:\/\/academiaglobal.mx\/#website\"},\"primaryImageOfPage\":{\"@id\":\"https:\/\/academiaglobal.mx\/?p=16569#primaryimage\"},\"image\":{\"@id\":\"https:\/\/academiaglobal.mx\/?p=16569#primaryimage\"},\"thumbnailUrl\":\"https:\/\/academiaglobal.mx\/wp-content\/uploads\/2023\/11\/Lanzamiento-AG-Europa-1.png\",\"datePublished\":\"2023-11-27T20:50:26+00:00\",\"dateModified\":\"2024-04-19T21:18:30+00:00\",\"breadcrumb\":{\"@id\":\"https:\/\/academiaglobal.mx\/?p=16569#breadcrumb\"},\"inLanguage\":\"es\",\"potentialAction\":[{\"@type\":\"ReadAction\",\"target\":[\"https:\/\/academiaglobal.mx\/?p=16569\"]}]},{\"@type\":\"ImageObject\",\"inLanguage\":\"es\",\"@id\":\"https:\/\/academiaglobal.mx\/?p=16569#primaryimage\",\"url\":\"https:\/\/academiaglobal.mx\/wp-content\/uploads\/2023\/11\/Lanzamiento-AG-Europa-1.png\",\"contentUrl\":\"https:\/\/academiaglobal.mx\/wp-content\/uploads\/2023\/11\/Lanzamiento-AG-Europa-1.png\",\"width\":1500,\"height\":950},{\"@type\":\"BreadcrumbList\",\"@id\":\"https:\/\/academiaglobal.mx\/?p=16569#breadcrumb\",\"itemListElement\":[{\"@type\":\"ListItem\",\"position\":1,\"name\":\"Portada\",\"item\":\"https:\/\/academiaglobal.mx\/\"},{\"@type\":\"ListItem\",\"position\":2,\"name\":\"Lanzamiento Academia Global Europa\"}]},{\"@type\":\"WebSite\",\"@id\":\"https:\/\/academiaglobal.mx\/#website\",\"url\":\"https:\/\/academiaglobal.mx\/\",\"name\":\"Academia Global\",\"description\":\"Elevamos el talento de tu empresa a la altura de las exigencias de transformaci\u00f3n.\",\"publisher\":{\"@id\":\"https:\/\/academiaglobal.mx\/#organization\"},\"potentialAction\":[{\"@type\":\"SearchAction\",\"target\":{\"@type\":\"EntryPoint\",\"urlTemplate\":\"https:\/\/academiaglobal.mx\/?s={search_term_string}\"},\"query-input\":{\"@type\":\"PropertyValueSpecification\",\"valueRequired\":true,\"valueName\":\"search_term_string\"}}],\"inLanguage\":\"es\"},{\"@type\":\"Organization\",\"@id\":\"https:\/\/academiaglobal.mx\/#organization\",\"name\":\"Academia Global\",\"url\":\"https:\/\/academiaglobal.mx\/\",\"logo\":{\"@type\":\"ImageObject\",\"inLanguage\":\"es\",\"@id\":\"https:\/\/academiaglobal.mx\/#\/schema\/logo\/image\/\",\"url\":\"https:\/\/academiaglobal.mx\/wp-content\/uploads\/2022\/03\/L_AG.png\",\"contentUrl\":\"https:\/\/academiaglobal.mx\/wp-content\/uploads\/2022\/03\/L_AG.png\",\"width\":1683,\"height\":535,\"caption\":\"Academia Global\"},\"image\":{\"@id\":\"https:\/\/academiaglobal.mx\/#\/schema\/logo\/image\/\"}},{\"@type\":\"Person\",\"@id\":\"https:\/\/academiaglobal.mx\/#\/schema\/person\/25a97fd7dd763b7811f8183c3bc54195\",\"name\":\"admin\",\"url\":\"https:\/\/academiaglobal.mx\/?author=1\"}]}<\/script>\n<!-- \/ Yoast SEO plugin. -->","yoast_head_json":{"title":"Lanzamiento Academia Global Europa - Academia Global","robots":{"index":"index","follow":"follow","max-snippet":"max-snippet:-1","max-image-preview":"max-image-preview:large","max-video-preview":"max-video-preview:-1"},"canonical":"https:\/\/academiaglobal.mx\/?p=16569","og_locale":"es_ES","og_type":"article","og_title":"Lanzamiento Academia Global Europa - Academia Global","og_description":"Abril, 2024 En diciembre de 2023 se llev\u00f3 a cabo el lanzamiento de Academia Global Europa, como parte de la estrategia de Grupo Academia Global de expandir su operaci\u00f3n a trav\u00e9s de la Escuela Europea de Innovaci\u00f3n y Negocios, la cual nace con el objetivo de extender redes de profesionalizaci\u00f3n y desarrollo de competencias en &hellip; Continuar leyendo \"Lanzamiento Academia Global Europa\"","og_url":"https:\/\/academiaglobal.mx\/?p=16569","og_site_name":"Academia Global","article_published_time":"2023-11-27T20:50:26+00:00","article_modified_time":"2024-04-19T21:18:30+00:00","og_image":[{"width":1500,"height":950,"url":"https:\/\/academiaglobal.mx\/wp-content\/uploads\/2023\/11\/Lanzamiento-AG-Europa-1.png","type":"image\/png"}],"author":"admin","twitter_card":"summary_large_image","twitter_misc":{"Escrito por":"admin","Tiempo de lectura":"1 minuto"},"schema":{"@context":"https:\/\/schema.org","@graph":[{"@type":"Article","@id":"https:\/\/academiaglobal.mx\/?p=16569#article","isPartOf":{"@id":"https:\/\/academiaglobal.mx\/?p=16569"},"author":{"name":"admin","@id":"https:\/\/academiaglobal.mx\/#\/schema\/person\/25a97fd7dd763b7811f8183c3bc54195"},"headline":"Lanzamiento Academia Global Europa","datePublished":"2023-11-27T20:50:26+00:00","dateModified":"2024-04-19T21:18:30+00:00","mainEntityOfPage":{"@id":"https:\/\/academiaglobal.mx\/?p=16569"},"wordCount":233,"commentCount":1,"publisher":{"@id":"https:\/\/academiaglobal.mx\/#organization"},"image":{"@id":"https:\/\/academiaglobal.mx\/?p=16569#primaryimage"},"thumbnailUrl":"https:\/\/academiaglobal.mx\/wp-content\/uploads\/2023\/11\/Lanzamiento-AG-Europa-1.png","articleSection":["Announcements"],"inLanguage":"es","potentialAction":[{"@type":"CommentAction","name":"Comment","target":["https:\/\/academiaglobal.mx\/?p=16569#respond"]}]},{"@type":"WebPage","@id":"https:\/\/academiaglobal.mx\/?p=16569","url":"https:\/\/academiaglobal.mx\/?p=16569","name":"Lanzamiento Academia Global Europa - Academia Global","isPartOf":{"@id":"https:\/\/academiaglobal.mx\/#website"},"primaryImageOfPage":{"@id":"https:\/\/academiaglobal.mx\/?p=16569#primaryimage"},"image":{"@id":"https:\/\/academiaglobal.mx\/?p=16569#primaryimage"},"thumbnailUrl":"https:\/\/academiaglobal.mx\/wp-content\/uploads\/2023\/11\/Lanzamiento-AG-Europa-1.png","datePublished":"2023-11-27T20:50:26+00:00","dateModified":"2024-04-19T21:18:30+00:00","breadcrumb":{"@id":"https:\/\/academiaglobal.mx\/?p=16569#breadcrumb"},"inLanguage":"es","potentialAction":[{"@type":"ReadAction","target":["https:\/\/academiaglobal.mx\/?p=16569"]}]},{"@type":"ImageObject","inLanguage":"es","@id":"https:\/\/academiaglobal.mx\/?p=16569#primaryimage","url":"https:\/\/academiaglobal.mx\/wp-content\/uploads\/2023\/11\/Lanzamiento-AG-Europa-1.png","contentUrl":"https:\/\/academiaglobal.mx\/wp-content\/uploads\/2023\/11\/Lanzamiento-AG-Europa-1.png","width":1500,"height":950},{"@type":"BreadcrumbList","@id":"https:\/\/academiaglobal.mx\/?p=16569#breadcrumb","itemListElement":[{"@type":"ListItem","position":1,"name":"Portada","item":"https:\/\/academiaglobal.mx\/"},{"@type":"ListItem","position":2,"name":"Lanzamiento Academia Global Europa"}]},{"@type":"WebSite","@id":"https:\/\/academiaglobal.mx\/#website","url":"https:\/\/academiaglobal.mx\/","name":"Academia Global","description":"Elevamos el talento de tu empresa a la altura de las exigencias de transformaci\u00f3n.","publisher":{"@id":"https:\/\/academiaglobal.mx\/#organization"},"potentialAction":[{"@type":"SearchAction","target":{"@type":"EntryPoint","urlTemplate":"https:\/\/academiaglobal.mx\/?s={search_term_string}"},"query-input":{"@type":"PropertyValueSpecification","valueRequired":true,"valueName":"search_term_string"}}],"inLanguage":"es"},{"@type":"Organization","@id":"https:\/\/academiaglobal.mx\/#organization","name":"Academia Global","url":"https:\/\/academiaglobal.mx\/","logo":{"@type":"ImageObject","inLanguage":"es","@id":"https:\/\/academiaglobal.mx\/#\/schema\/logo\/image\/","url":"https:\/\/academiaglobal.mx\/wp-content\/uploads\/2022\/03\/L_AG.png","contentUrl":"https:\/\/academiaglobal.mx\/wp-content\/uploads\/2022\/03\/L_AG.png","width":1683,"height":535,"caption":"Academia Global"},"image":{"@id":"https:\/\/academiaglobal.mx\/#\/schema\/logo\/image\/"}},{"@type":"Person","@id":"https:\/\/academiaglobal.mx\/#\/schema\/person\/25a97fd7dd763b7811f8183c3bc54195","name":"admin","url":"https:\/\/academiaglobal.mx\/?author=1"}]}},"acf":[],"_links":{"self":[{"href":"https:\/\/academiaglobal.mx\/index.php?rest_route=\/wp\/v2\/posts\/16569"}],"collection":[{"href":"https:\/\/academiaglobal.mx\/index.php?rest_route=\/wp\/v2\/posts"}],"about":[{"href":"https:\/\/academiaglobal.mx\/index.php?rest_route=\/wp\/v2\/types\/post"}],"author":[{"embeddable":true,"href":"https:\/\/academiaglobal.mx\/index.php?rest_route=\/wp\/v2\/users\/1"}],"replies":[{"embeddable":true,"href":"https:\/\/academiaglobal.mx\/index.php?rest_route=%2Fwp%2Fv2%2Fcomments&post=16569"}],"version-history":[{"count":15,"href":"https:\/\/academiaglobal.mx\/index.php?rest_route=\/wp\/v2\/posts\/16569\/revisions"}],"predecessor-version":[{"id":16608,"href":"https:\/\/academiaglobal.mx\/index.php?rest_route=\/wp\/v2\/posts\/16569\/revisions\/16608"}],"wp:featuredmedia":[{"embeddable":true,"href":"https:\/\/academiaglobal.mx\/index.php?rest_route=\/wp\/v2\/media\/16592"}],"wp:attachment":[{"href":"https:\/\/academiaglobal.mx\/index.php?rest_route=%2Fwp%2Fv2%2Fmedia&parent=16569"}],"wp:term":[{"taxonomy":"category","embeddable":true,"href":"https:\/\/academiaglobal.mx\/index.php?rest_route=%2Fwp%2Fv2%2Fcategories&post=16569"},{"taxonomy":"post_tag","embeddable":true,"href":"https:\/\/academiaglobal.mx\/index.php?rest_route=%2Fwp%2Fv2%2Ftags&post=16569"}],"curies":[{"name":"wp","href":"https:\/\/api.w.org\/{rel}","templated":true}]}}