{"id":16638,"date":"2024-06-22T15:42:41","date_gmt":"2024-06-22T22:42:41","guid":{"rendered":"https:\/\/academiaglobal.mx\/wordpress\/?p=16638"},"modified":"2024-06-28T09:10:13","modified_gmt":"2024-06-28T16:10:13","slug":"universidades-corporativas-y-el-fomento-del-talento-en-las-empresas","status":"publish","type":"post","link":"https:\/\/academiaglobal.mx\/?p=16638","title":{"rendered":"Universidades Corporativas y el fomento del talento en las empresas"},"content":{"rendered":"\t\t<div data-elementor-type=\"wp-post\" data-elementor-id=\"16638\" class=\"elementor elementor-16638\">\n\t\t\t\t\t\t\t\t\t<section class=\"elementor-section elementor-top-section elementor-element elementor-element-64f43dfd elementor-section-boxed elementor-section-height-default elementor-section-height-default\" data-id=\"64f43dfd\" data-element_type=\"section\">\n\t\t\t\t\t\t<div class=\"elementor-container elementor-column-gap-default\">\n\t\t\t\t\t<div class=\"elementor-column elementor-col-100 elementor-top-column elementor-element elementor-element-4f3b8a5e\" data-id=\"4f3b8a5e\" data-element_type=\"column\">\n\t\t\t<div class=\"elementor-widget-wrap elementor-element-populated\">\n\t\t\t\t\t\t\t\t<div class=\"elementor-element elementor-element-77158b7d elementor-widget elementor-widget-text-editor\" data-id=\"77158b7d\" data-element_type=\"widget\" data-widget_type=\"text-editor.default\">\n\t\t\t\t<div class=\"elementor-widget-container\">\n\t\t\t<style>\/*! elementor - v3.13.1 - 09-05-2023 *\/\n.elementor-widget-text-editor.elementor-drop-cap-view-stacked .elementor-drop-cap{background-color:#69727d;color:#fff}.elementor-widget-text-editor.elementor-drop-cap-view-framed .elementor-drop-cap{color:#69727d;border:3px solid;background-color:transparent}.elementor-widget-text-editor:not(.elementor-drop-cap-view-default) .elementor-drop-cap{margin-top:8px}.elementor-widget-text-editor:not(.elementor-drop-cap-view-default) .elementor-drop-cap-letter{width:1em;height:1em}.elementor-widget-text-editor .elementor-drop-cap{float:left;text-align:center;line-height:1;font-size:50px}.elementor-widget-text-editor .elementor-drop-cap-letter{display:inline-block}<\/style>\t\t\t\t<!-- wp:paragraph -->\n<p><span style=\"font-weight: 400;\">El pasado 22 de junio tuvimos la oportunidad de escuchar al Presidente del Consejo y Director General de Academia Global, Nelson Ampar\u00e1n,\u00a0 durante la entrevista que se le realiz\u00f3 en el programa de <\/span><b>Enrique Bustamante y la Academia Mexicana de la Comunicaci\u00f3n de Grupo ACIR<\/b><span style=\"font-weight: 400;\">, en donde conversaron acerca de \u201cLas Universidades Corpoativas y el fomento del talento en las empresas\u201d.\u00a0<\/span><\/p>\n<p><span style=\"font-weight: 400;\">El objetivo de la conversaci\u00f3n fue conocer de qu\u00e9 manera el modelo Universidades Corporativas, operado por Academia Global, ha logrado cubrir las necesidades de formaci\u00f3n customizada que la escuela tradicional no logra satisfacer, ante las exigencias de la transformaci\u00f3n tecnol\u00f3gica.<\/span><\/p>\n<p><span style=\"font-weight: 400;\">Agradecemos a <\/span><a href=\"https:\/\/www.linkedin.com\/company\/grupo-acir\/\"><span style=\"font-weight: 400;\">Grupo ACIR S.A. de C.V.<\/span><\/a><span style=\"font-weight: 400;\"> por la oportunidad de dar a conocer nuestro modelo, con el cual Academia Global ha logrado apoyar a m\u00e1s de 30 mil colaboradores de importantes empresas mexicanas.<\/span><\/p>\n<p><span style=\"font-weight: 400;\">Para escuchar la entrevista <a href=\"https:\/\/www.amdc.org.mx\/index.php?q=junio_2024&amp;n=programas_de_radio_2024\" target=\"_blank\" rel=\"noopener\">ingresa a aqu\u00ed<\/a><\/span><\/p>\n<!-- \/wp:paragraph -->\t\t\t\t\t\t<\/div>\n\t\t\t\t<\/div>\n\t\t\t\t\t<\/div>\n\t\t<\/div>\n\t\t\t\t\t\t\t<\/div>\n\t\t<\/section>\n\t\t\t\t\t\t\t<\/div>\n\t\t","protected":false},"excerpt":{"rendered":"<p>El pasado 22 de junio tuvimos la oportunidad de escuchar al Presidente del Consejo y Director General de Academia Global, Nelson Ampar\u00e1n,&nbsp; durante la entrevista que se le realiz\u00f3 en el programa de Enrique Bustamante y la Academia Mexicana de la Comunicaci\u00f3n de Grupo ACIR, en donde conversaron acerca de \u201cLas Universidades Corpoativas y el &hellip; <\/p>\n<p class=\"link-more\"><a href=\"https:\/\/academiaglobal.mx\/?p=16638\" class=\"more-link\">Continuar leyendo<span class=\"screen-reader-text\"> \u00abUniversidades Corporativas y el fomento del talento en las empresas\u00bb<\/span><\/a><\/p>\n","protected":false},"author":1,"featured_media":16661,"comment_status":"open","ping_status":"open","sticky":false,"template":"","format":"standard","meta":{"inline_featured_image":false,"_monsterinsights_skip_tracking":false,"_monsterinsights_sitenote_active":false,"_monsterinsights_sitenote_note":"","_monsterinsights_sitenote_category":0,"footnotes":""},"categories":[58],"tags":[],"class_list":["post-16638","post","type-post","status-publish","format-standard","has-post-thumbnail","hentry","category-announcements"],"yoast_head":"<!-- This site is optimized with the Yoast SEO plugin v23.8 - https:\/\/yoast.com\/wordpress\/plugins\/seo\/ -->\n<title>Universidades Corporativas y el fomento del talento en las empresas - Academia Global<\/title>\n<meta name=\"robots\" content=\"index, follow, max-snippet:-1, max-image-preview:large, max-video-preview:-1\" \/>\n<link rel=\"canonical\" href=\"https:\/\/academiaglobal.mx\/?p=16638\" \/>\n<meta property=\"og:locale\" content=\"es_ES\" \/>\n<meta property=\"og:type\" content=\"article\" \/>\n<meta property=\"og:title\" content=\"Universidades Corporativas y el fomento del talento en las empresas - Academia Global\" \/>\n<meta property=\"og:description\" content=\"El pasado 22 de junio tuvimos la oportunidad de escuchar al Presidente del Consejo y Director General de Academia Global, Nelson Ampar\u00e1n,&nbsp; durante la entrevista que se le realiz\u00f3 en el programa de Enrique Bustamante y la Academia Mexicana de la Comunicaci\u00f3n de Grupo ACIR, en donde conversaron acerca de \u201cLas Universidades Corpoativas y el &hellip; Continuar leyendo &quot;Universidades Corporativas y el fomento del talento en las empresas&quot;\" \/>\n<meta property=\"og:url\" content=\"https:\/\/academiaglobal.mx\/?p=16638\" \/>\n<meta property=\"og:site_name\" content=\"Academia Global\" \/>\n<meta property=\"article:published_time\" content=\"2024-06-22T22:42:41+00:00\" \/>\n<meta property=\"article:modified_time\" content=\"2024-06-28T16:10:13+00:00\" \/>\n<meta property=\"og:image\" content=\"https:\/\/academiaglobal.mx\/wp-content\/uploads\/2024\/06\/Universidades-Corporativas-y-el-fomento-del-talento-en-las-empresas.png\" \/>\n\t<meta property=\"og:image:width\" content=\"1100\" \/>\n\t<meta property=\"og:image:height\" content=\"676\" \/>\n\t<meta property=\"og:image:type\" content=\"image\/png\" \/>\n<meta name=\"author\" content=\"admin\" \/>\n<meta name=\"twitter:card\" content=\"summary_large_image\" \/>\n<meta name=\"twitter:label1\" content=\"Escrito por\" \/>\n\t<meta name=\"twitter:data1\" content=\"admin\" \/>\n\t<meta name=\"twitter:label2\" content=\"Tiempo de lectura\" \/>\n\t<meta name=\"twitter:data2\" content=\"1 minuto\" \/>\n<script type=\"application\/ld+json\" class=\"yoast-schema-graph\">{\"@context\":\"https:\/\/schema.org\",\"@graph\":[{\"@type\":\"Article\",\"@id\":\"https:\/\/academiaglobal.mx\/?p=16638#article\",\"isPartOf\":{\"@id\":\"https:\/\/academiaglobal.mx\/?p=16638\"},\"author\":{\"name\":\"admin\",\"@id\":\"https:\/\/academiaglobal.mx\/#\/schema\/person\/25a97fd7dd763b7811f8183c3bc54195\"},\"headline\":\"Universidades Corporativas y el fomento del talento en las empresas\",\"datePublished\":\"2024-06-22T22:42:41+00:00\",\"dateModified\":\"2024-06-28T16:10:13+00:00\",\"mainEntityOfPage\":{\"@id\":\"https:\/\/academiaglobal.mx\/?p=16638\"},\"wordCount\":161,\"commentCount\":4,\"publisher\":{\"@id\":\"https:\/\/academiaglobal.mx\/#organization\"},\"image\":{\"@id\":\"https:\/\/academiaglobal.mx\/?p=16638#primaryimage\"},\"thumbnailUrl\":\"https:\/\/academiaglobal.mx\/wp-content\/uploads\/2024\/06\/Universidades-Corporativas-y-el-fomento-del-talento-en-las-empresas.png\",\"articleSection\":[\"Announcements\"],\"inLanguage\":\"es\",\"potentialAction\":[{\"@type\":\"CommentAction\",\"name\":\"Comment\",\"target\":[\"https:\/\/academiaglobal.mx\/?p=16638#respond\"]}]},{\"@type\":\"WebPage\",\"@id\":\"https:\/\/academiaglobal.mx\/?p=16638\",\"url\":\"https:\/\/academiaglobal.mx\/?p=16638\",\"name\":\"Universidades Corporativas y el fomento del talento en las empresas - Academia Global\",\"isPartOf\":{\"@id\":\"https:\/\/academiaglobal.mx\/#website\"},\"primaryImageOfPage\":{\"@id\":\"https:\/\/academiaglobal.mx\/?p=16638#primaryimage\"},\"image\":{\"@id\":\"https:\/\/academiaglobal.mx\/?p=16638#primaryimage\"},\"thumbnailUrl\":\"https:\/\/academiaglobal.mx\/wp-content\/uploads\/2024\/06\/Universidades-Corporativas-y-el-fomento-del-talento-en-las-empresas.png\",\"datePublished\":\"2024-06-22T22:42:41+00:00\",\"dateModified\":\"2024-06-28T16:10:13+00:00\",\"breadcrumb\":{\"@id\":\"https:\/\/academiaglobal.mx\/?p=16638#breadcrumb\"},\"inLanguage\":\"es\",\"potentialAction\":[{\"@type\":\"ReadAction\",\"target\":[\"https:\/\/academiaglobal.mx\/?p=16638\"]}]},{\"@type\":\"ImageObject\",\"inLanguage\":\"es\",\"@id\":\"https:\/\/academiaglobal.mx\/?p=16638#primaryimage\",\"url\":\"https:\/\/academiaglobal.mx\/wp-content\/uploads\/2024\/06\/Universidades-Corporativas-y-el-fomento-del-talento-en-las-empresas.png\",\"contentUrl\":\"https:\/\/academiaglobal.mx\/wp-content\/uploads\/2024\/06\/Universidades-Corporativas-y-el-fomento-del-talento-en-las-empresas.png\",\"width\":1100,\"height\":676},{\"@type\":\"BreadcrumbList\",\"@id\":\"https:\/\/academiaglobal.mx\/?p=16638#breadcrumb\",\"itemListElement\":[{\"@type\":\"ListItem\",\"position\":1,\"name\":\"Portada\",\"item\":\"https:\/\/academiaglobal.mx\/\"},{\"@type\":\"ListItem\",\"position\":2,\"name\":\"Universidades Corporativas y el fomento del talento en las empresas\"}]},{\"@type\":\"WebSite\",\"@id\":\"https:\/\/academiaglobal.mx\/#website\",\"url\":\"https:\/\/academiaglobal.mx\/\",\"name\":\"Academia Global\",\"description\":\"Elevamos el talento de tu empresa a la altura de las exigencias de transformaci\u00f3n.\",\"publisher\":{\"@id\":\"https:\/\/academiaglobal.mx\/#organization\"},\"potentialAction\":[{\"@type\":\"SearchAction\",\"target\":{\"@type\":\"EntryPoint\",\"urlTemplate\":\"https:\/\/academiaglobal.mx\/?s={search_term_string}\"},\"query-input\":{\"@type\":\"PropertyValueSpecification\",\"valueRequired\":true,\"valueName\":\"search_term_string\"}}],\"inLanguage\":\"es\"},{\"@type\":\"Organization\",\"@id\":\"https:\/\/academiaglobal.mx\/#organization\",\"name\":\"Academia Global\",\"url\":\"https:\/\/academiaglobal.mx\/\",\"logo\":{\"@type\":\"ImageObject\",\"inLanguage\":\"es\",\"@id\":\"https:\/\/academiaglobal.mx\/#\/schema\/logo\/image\/\",\"url\":\"https:\/\/academiaglobal.mx\/wp-content\/uploads\/2022\/03\/L_AG.png\",\"contentUrl\":\"https:\/\/academiaglobal.mx\/wp-content\/uploads\/2022\/03\/L_AG.png\",\"width\":1683,\"height\":535,\"caption\":\"Academia Global\"},\"image\":{\"@id\":\"https:\/\/academiaglobal.mx\/#\/schema\/logo\/image\/\"}},{\"@type\":\"Person\",\"@id\":\"https:\/\/academiaglobal.mx\/#\/schema\/person\/25a97fd7dd763b7811f8183c3bc54195\",\"name\":\"admin\",\"url\":\"https:\/\/academiaglobal.mx\/?author=1\"}]}<\/script>\n<!-- \/ Yoast SEO plugin. -->","yoast_head_json":{"title":"Universidades Corporativas y el fomento del talento en las empresas - Academia Global","robots":{"index":"index","follow":"follow","max-snippet":"max-snippet:-1","max-image-preview":"max-image-preview:large","max-video-preview":"max-video-preview:-1"},"canonical":"https:\/\/academiaglobal.mx\/?p=16638","og_locale":"es_ES","og_type":"article","og_title":"Universidades Corporativas y el fomento del talento en las empresas - Academia Global","og_description":"El pasado 22 de junio tuvimos la oportunidad de escuchar al Presidente del Consejo y Director General de Academia Global, Nelson Ampar\u00e1n,&nbsp; durante la entrevista que se le realiz\u00f3 en el programa de Enrique Bustamante y la Academia Mexicana de la Comunicaci\u00f3n de Grupo ACIR, en donde conversaron acerca de \u201cLas Universidades Corpoativas y el &hellip; Continuar leyendo \"Universidades Corporativas y el fomento del talento en las empresas\"","og_url":"https:\/\/academiaglobal.mx\/?p=16638","og_site_name":"Academia Global","article_published_time":"2024-06-22T22:42:41+00:00","article_modified_time":"2024-06-28T16:10:13+00:00","og_image":[{"width":1100,"height":676,"url":"https:\/\/academiaglobal.mx\/wp-content\/uploads\/2024\/06\/Universidades-Corporativas-y-el-fomento-del-talento-en-las-empresas.png","type":"image\/png"}],"author":"admin","twitter_card":"summary_large_image","twitter_misc":{"Escrito por":"admin","Tiempo de lectura":"1 minuto"},"schema":{"@context":"https:\/\/schema.org","@graph":[{"@type":"Article","@id":"https:\/\/academiaglobal.mx\/?p=16638#article","isPartOf":{"@id":"https:\/\/academiaglobal.mx\/?p=16638"},"author":{"name":"admin","@id":"https:\/\/academiaglobal.mx\/#\/schema\/person\/25a97fd7dd763b7811f8183c3bc54195"},"headline":"Universidades Corporativas y el fomento del talento en las empresas","datePublished":"2024-06-22T22:42:41+00:00","dateModified":"2024-06-28T16:10:13+00:00","mainEntityOfPage":{"@id":"https:\/\/academiaglobal.mx\/?p=16638"},"wordCount":161,"commentCount":4,"publisher":{"@id":"https:\/\/academiaglobal.mx\/#organization"},"image":{"@id":"https:\/\/academiaglobal.mx\/?p=16638#primaryimage"},"thumbnailUrl":"https:\/\/academiaglobal.mx\/wp-content\/uploads\/2024\/06\/Universidades-Corporativas-y-el-fomento-del-talento-en-las-empresas.png","articleSection":["Announcements"],"inLanguage":"es","potentialAction":[{"@type":"CommentAction","name":"Comment","target":["https:\/\/academiaglobal.mx\/?p=16638#respond"]}]},{"@type":"WebPage","@id":"https:\/\/academiaglobal.mx\/?p=16638","url":"https:\/\/academiaglobal.mx\/?p=16638","name":"Universidades Corporativas y el fomento del talento en las empresas - Academia Global","isPartOf":{"@id":"https:\/\/academiaglobal.mx\/#website"},"primaryImageOfPage":{"@id":"https:\/\/academiaglobal.mx\/?p=16638#primaryimage"},"image":{"@id":"https:\/\/academiaglobal.mx\/?p=16638#primaryimage"},"thumbnailUrl":"https:\/\/academiaglobal.mx\/wp-content\/uploads\/2024\/06\/Universidades-Corporativas-y-el-fomento-del-talento-en-las-empresas.png","datePublished":"2024-06-22T22:42:41+00:00","dateModified":"2024-06-28T16:10:13+00:00","breadcrumb":{"@id":"https:\/\/academiaglobal.mx\/?p=16638#breadcrumb"},"inLanguage":"es","potentialAction":[{"@type":"ReadAction","target":["https:\/\/academiaglobal.mx\/?p=16638"]}]},{"@type":"ImageObject","inLanguage":"es","@id":"https:\/\/academiaglobal.mx\/?p=16638#primaryimage","url":"https:\/\/academiaglobal.mx\/wp-content\/uploads\/2024\/06\/Universidades-Corporativas-y-el-fomento-del-talento-en-las-empresas.png","contentUrl":"https:\/\/academiaglobal.mx\/wp-content\/uploads\/2024\/06\/Universidades-Corporativas-y-el-fomento-del-talento-en-las-empresas.png","width":1100,"height":676},{"@type":"BreadcrumbList","@id":"https:\/\/academiaglobal.mx\/?p=16638#breadcrumb","itemListElement":[{"@type":"ListItem","position":1,"name":"Portada","item":"https:\/\/academiaglobal.mx\/"},{"@type":"ListItem","position":2,"name":"Universidades Corporativas y el fomento del talento en las empresas"}]},{"@type":"WebSite","@id":"https:\/\/academiaglobal.mx\/#website","url":"https:\/\/academiaglobal.mx\/","name":"Academia Global","description":"Elevamos el talento de tu empresa a la altura de las exigencias de transformaci\u00f3n.","publisher":{"@id":"https:\/\/academiaglobal.mx\/#organization"},"potentialAction":[{"@type":"SearchAction","target":{"@type":"EntryPoint","urlTemplate":"https:\/\/academiaglobal.mx\/?s={search_term_string}"},"query-input":{"@type":"PropertyValueSpecification","valueRequired":true,"valueName":"search_term_string"}}],"inLanguage":"es"},{"@type":"Organization","@id":"https:\/\/academiaglobal.mx\/#organization","name":"Academia Global","url":"https:\/\/academiaglobal.mx\/","logo":{"@type":"ImageObject","inLanguage":"es","@id":"https:\/\/academiaglobal.mx\/#\/schema\/logo\/image\/","url":"https:\/\/academiaglobal.mx\/wp-content\/uploads\/2022\/03\/L_AG.png","contentUrl":"https:\/\/academiaglobal.mx\/wp-content\/uploads\/2022\/03\/L_AG.png","width":1683,"height":535,"caption":"Academia Global"},"image":{"@id":"https:\/\/academiaglobal.mx\/#\/schema\/logo\/image\/"}},{"@type":"Person","@id":"https:\/\/academiaglobal.mx\/#\/schema\/person\/25a97fd7dd763b7811f8183c3bc54195","name":"admin","url":"https:\/\/academiaglobal.mx\/?author=1"}]}},"acf":[],"_links":{"self":[{"href":"https:\/\/academiaglobal.mx\/index.php?rest_route=\/wp\/v2\/posts\/16638"}],"collection":[{"href":"https:\/\/academiaglobal.mx\/index.php?rest_route=\/wp\/v2\/posts"}],"about":[{"href":"https:\/\/academiaglobal.mx\/index.php?rest_route=\/wp\/v2\/types\/post"}],"author":[{"embeddable":true,"href":"https:\/\/academiaglobal.mx\/index.php?rest_route=\/wp\/v2\/users\/1"}],"replies":[{"embeddable":true,"href":"https:\/\/academiaglobal.mx\/index.php?rest_route=%2Fwp%2Fv2%2Fcomments&post=16638"}],"version-history":[{"count":15,"href":"https:\/\/academiaglobal.mx\/index.php?rest_route=\/wp\/v2\/posts\/16638\/revisions"}],"predecessor-version":[{"id":16662,"href":"https:\/\/academiaglobal.mx\/index.php?rest_route=\/wp\/v2\/posts\/16638\/revisions\/16662"}],"wp:featuredmedia":[{"embeddable":true,"href":"https:\/\/academiaglobal.mx\/index.php?rest_route=\/wp\/v2\/media\/16661"}],"wp:attachment":[{"href":"https:\/\/academiaglobal.mx\/index.php?rest_route=%2Fwp%2Fv2%2Fmedia&parent=16638"}],"wp:term":[{"taxonomy":"category","embeddable":true,"href":"https:\/\/academiaglobal.mx\/index.php?rest_route=%2Fwp%2Fv2%2Fcategories&post=16638"},{"taxonomy":"post_tag","embeddable":true,"href":"https:\/\/academiaglobal.mx\/index.php?rest_route=%2Fwp%2Fv2%2Ftags&post=16638"}],"curies":[{"name":"wp","href":"https:\/\/api.w.org\/{rel}","templated":true}]}}